{"id":4572,"date":"2020-07-16T08:25:21","date_gmt":"2020-07-16T06:25:21","guid":{"rendered":"http:\/\/fotoglass.es\/?p=4572"},"modified":"2020-07-16T08:26:51","modified_gmt":"2020-07-16T06:26:51","slug":"un-experto-de-fotoglass-nombradosenior-member-de-la-sociedad-americana-de-optica","status":"publish","type":"post","link":"https:\/\/fotoglass.es\/en\/un-experto-de-fotoglass-nombradosenior-member-de-la-sociedad-americana-de-optica\/","title":{"rendered":"Fotoglass advisor and University of Cantabria professor Fernando Moreno has been named Senior Member of The Optical Society of America (OSA)"},"content":{"rendered":"<p>Fotoglass advisor and University of Cantabria professor Fernando Moreno has been named Senior Member of The Optical Society of America (OSA) in recognition of his experience and professional achievements in the field of optics and photonics.\n\nThe OSA Board of Directors approved last May the list of members of a new membership category, the \"Senior Members\", which includes 162 names of scientists from all over the world.<\/p>\n\n\n\n<p>To be included in this group, researchers must be active members of the Society and have at least ten years of significant<\/p>\n\n\n\n<p>professional experience Fernando Moreno, Professor of Optics in the Department of Applied Physics and member of the UC Optics Group, is one of the five researchers who have been appointed senior members of the OSA on behalf of a Spanish institution.<br>UC professor Fernando Moreno, named 'Senior Member' of the American Optical Society<\/p>\n\n\n\n<p>The other four are Ram\u00f3n Corbal\u00e1n, from the Universidad Aut\u00f3noma de Barcelona, Rafael Navarro, from the Consejo Superior de Investigaciones Cient\u00edficas (CSIC), Ignacio Moreno, from the Universidad Miguel Hern\u00e1ndez de Elche, and Manuel Melgosa, from the Universidad de Granada.<\/p>\n\n\n\n<div style=\"height:32px\" aria-hidden=\"true\" class=\"wp-block-spacer\"><\/div>\n\n\n\n<figure class=\"wp-block-image size-large\"><img loading=\"lazy\" width=\"596\" height=\"150\" src=\"https:\/\/fotoglass.es\/wp-content\/uploads\/2020\/07\/osa-logo-100.png\" alt=\"\" class=\"wp-image-4574\" srcset=\"https:\/\/fotoglass.es\/wp-content\/uploads\/2020\/07\/osa-logo-100.png 596w, https:\/\/fotoglass.es\/wp-content\/uploads\/2020\/07\/osa-logo-100-300x76.png 300w\" sizes=\"(max-width: 596px) 100vw, 596px\" \/><\/figure>\n\n\n\n<div style=\"height:32px\" aria-hidden=\"true\" class=\"wp-block-spacer\"><\/div>\n\n\n\n<p>Founded in 1916, The Optical Society is a scientific, technical and educational organisation that was created with the aim of promoting and disseminating knowledge in the field of optics, both in its pure and applied aspects, as well as promoting cooperation between researchers working in this field and the designers and users of optical devices of all kinds.<\/p>\n\n\n\n<div style=\"height:32px\" aria-hidden=\"true\" class=\"wp-block-spacer\"><\/div>\n\n\n\n<figure class=\"wp-block-image size-large\"><img loading=\"lazy\" width=\"1024\" height=\"918\" src=\"https:\/\/fotoglass.es\/wp-content\/uploads\/2020\/07\/osa-1-1024x918.jpg\" alt=\"\" class=\"wp-image-4577\" srcset=\"https:\/\/fotoglass.es\/wp-content\/uploads\/2020\/07\/osa-1-1024x918.jpg 1024w, https:\/\/fotoglass.es\/wp-content\/uploads\/2020\/07\/osa-1-300x269.jpg 300w, https:\/\/fotoglass.es\/wp-content\/uploads\/2020\/07\/osa-1-768x689.jpg 768w, https:\/\/fotoglass.es\/wp-content\/uploads\/2020\/07\/osa-1.jpg 1200w\" sizes=\"(max-width: 1024px) 100vw, 1024px\" \/><\/figure>","protected":false},"excerpt":{"rendered":"<p>El asesor de Fotoglass y catedr\u00e1tico de la Universidad de Cantabria Fernando Moreno ha sido nombrado &#8220;Senior Member&#8221; de la Sociedad Americana de \u00d3ptica (The Optical Society &#8211; OSA), un reconocimiento a su experiencia y logros profesionales en el campo de la \u00f3ptica y la fot\u00f3nica. La Junta Directiva de la OSA aprob\u00f3 el pasado [&hellip;]<\/p>","protected":false},"author":1,"featured_media":4573,"comment_status":"closed","ping_status":"closed","sticky":false,"template":"","format":"standard","meta":[],"categories":[1],"tags":[],"_links":{"self":[{"href":"https:\/\/fotoglass.es\/en\/wp-json\/wp\/v2\/posts\/4572"}],"collection":[{"href":"https:\/\/fotoglass.es\/en\/wp-json\/wp\/v2\/posts"}],"about":[{"href":"https:\/\/fotoglass.es\/en\/wp-json\/wp\/v2\/types\/post"}],"author":[{"embeddable":true,"href":"https:\/\/fotoglass.es\/en\/wp-json\/wp\/v2\/users\/1"}],"replies":[{"embeddable":true,"href":"https:\/\/fotoglass.es\/en\/wp-json\/wp\/v2\/comments?post=4572"}],"version-history":[{"count":0,"href":"https:\/\/fotoglass.es\/en\/wp-json\/wp\/v2\/posts\/4572\/revisions"}],"wp:featuredmedia":[{"embeddable":true,"href":"https:\/\/fotoglass.es\/en\/wp-json\/wp\/v2\/media\/4573"}],"wp:attachment":[{"href":"https:\/\/fotoglass.es\/en\/wp-json\/wp\/v2\/media?parent=4572"}],"wp:term":[{"taxonomy":"category","embeddable":true,"href":"https:\/\/fotoglass.es\/en\/wp-json\/wp\/v2\/categories?post=4572"},{"taxonomy":"post_tag","embeddable":true,"href":"https:\/\/fotoglass.es\/en\/wp-json\/wp\/v2\/tags?post=4572"}],"curies":[{"name":"wp","href":"https:\/\/api.w.org\/{rel}","templated":true}]}}