{"id":5829,"date":"2021-01-22T16:35:50","date_gmt":"2021-01-22T15:35:50","guid":{"rendered":"https:\/\/fotoglass.es\/?p=5829"},"modified":"2021-12-10T07:01:15","modified_gmt":"2021-12-10T06:01:15","slug":"jose-luis-fernandez-luna-asesor-de-la-division-biomedica-de-fotoglass-lidera-en-cantabria-el-nuevo-programa-nacional-de-medicina-genomica","status":"publish","type":"post","link":"https:\/\/fotoglass.es\/en\/jose-luis-fernandez-luna-asesor-de-la-division-biomedica-de-fotoglass-lidera-en-cantabria-el-nuevo-programa-nacional-de-medicina-genomica\/","title":{"rendered":"JOS\u00c9 LUIS FERN\u00c1NDEZ LUNA, an advisor to the biomedical division of FOTOGLASS, leads the new national Genomic Medicine program in Cantabria"},"content":{"rendered":"<div data-elementor-type=\"wp-post\" data-elementor-id=\"5829\" class=\"elementor elementor-5829\" data-elementor-settings=\"[]\">\n\t\t\t\t\t\t<div class=\"elementor-inner\">\n\t\t\t\t\t\t\t<div class=\"elementor-section-wrap\">\n\t\t\t\t\t\t\t<section class=\"elementor-section elementor-top-section elementor-element elementor-element-79734f7 elementor-hidden-tablet elementor-hidden-phone elementor-section-boxed elementor-section-height-default elementor-section-height-default\" data-id=\"79734f7\" data-element_type=\"section\">\n\t\t\t\t\t\t<div class=\"elementor-container elementor-column-gap-default\">\n\t\t\t\t\t\t\t<div class=\"elementor-row\">\n\t\t\t\t\t<div class=\"elementor-column elementor-col-66 elementor-top-column elementor-element elementor-element-c34830d\" data-id=\"c34830d\" data-element_type=\"column\">\n\t\t\t<div class=\"elementor-column-wrap elementor-element-populated\">\n\t\t\t\t\t\t\t<div class=\"elementor-widget-wrap\">\n\t\t\t\t\t\t<div class=\"elementor-element elementor-element-cc53680 elementor-widget elementor-widget-heading\" data-id=\"cc53680\" data-element_type=\"widget\" data-widget_type=\"heading.default\">\n\t\t\t\t<div class=\"elementor-widget-container\">\n\t\t\t<p class=\"elementor-heading-title elementor-size-default\">Jos\u00e9 Luis Fern\u00e1ndez Luna, coordinator of Molecular Genetics at the Marqu\u00e9s de Valdecilla University Hospital (HUMV), will lead the Genomic Medicine Program in Cantabria, one of the 3 funded in the Precision Medicine Infrastructure associated with Science and Technology (IMPaCT) of the Strategic Action in Health 2017-2020 of the ISCIII. The program is endowed with 7.24 million euros.<\/p>\t\t<\/div>\n\t\t\t\t<\/div>\n\t\t\t\t<div class=\"elementor-element elementor-element-983b61f elementor-widget elementor-widget-text-editor\" data-id=\"983b61f\" data-element_type=\"widget\" data-widget_type=\"text-editor.default\">\n\t\t\t\t<div class=\"elementor-widget-container\">\n\t\t\t\t\t\t\t\t<div class=\"elementor-text-editor elementor-clearfix\">\n\t\t\t\t<p>In total, more than 100 institutions from all the autonomous communities will participate in the execution of the three IMPaCT programs: Predictive Medicine, Data Science and Genomic Medicine.<\/p>\t\t\t\t\t<\/div>\n\t\t\t\t\t\t<\/div>\n\t\t\t\t<\/div>\n\t\t\t\t\t\t<\/div>\n\t\t\t\t\t<\/div>\n\t\t<\/div>\n\t\t\t\t<div class=\"elementor-column elementor-col-33 elementor-top-column elementor-element elementor-element-161daee\" data-id=\"161daee\" data-element_type=\"column\">\n\t\t\t<div class=\"elementor-column-wrap elementor-element-populated\">\n\t\t\t\t\t\t\t<div class=\"elementor-widget-wrap\">\n\t\t\t\t\t\t<div class=\"elementor-element elementor-element-4b8ac64 elementor-widget elementor-widget-image\" data-id=\"4b8ac64\" data-element_type=\"widget\" data-widget_type=\"image.default\">\n\t\t\t\t<div class=\"elementor-widget-container\">\n\t\t\t\t\t\t\t\t<div class=\"elementor-image\">\n\t\t\t\t\t\t\t\t\t\t\t\t<img width=\"479\" height=\"455\" src=\"https:\/\/fotoglass.es\/wp-content\/uploads\/2021\/01\/jose-luis-fernandez-luna-asesor-division-biomedica-fotoglass.jpg\" class=\"attachment-full size-full\" alt=\"\" loading=\"lazy\" srcset=\"https:\/\/fotoglass.es\/wp-content\/uploads\/2021\/01\/jose-luis-fernandez-luna-asesor-division-biomedica-fotoglass.jpg 479w, https:\/\/fotoglass.es\/wp-content\/uploads\/2021\/01\/jose-luis-fernandez-luna-asesor-division-biomedica-fotoglass-300x285.jpg 300w\" sizes=\"(max-width: 479px) 100vw, 479px\" \/>\t\t\t\t\t\t\t\t\t\t\t\t\t\t<\/div>\n\t\t\t\t\t\t<\/div>\n\t\t\t\t<\/div>\n\t\t\t\t\t\t<\/div>\n\t\t\t\t\t<\/div>\n\t\t<\/div>\n\t\t\t\t\t\t\t\t<\/div>\n\t\t\t\t\t<\/div>\n\t\t<\/section>\n\t\t\t\t<section class=\"elementor-section elementor-top-section elementor-element elementor-element-e939a6a elementor-hidden-desktop elementor-section-boxed elementor-section-height-default elementor-section-height-default\" data-id=\"e939a6a\" data-element_type=\"section\">\n\t\t\t\t\t\t<div class=\"elementor-container elementor-column-gap-default\">\n\t\t\t\t\t\t\t<div class=\"elementor-row\">\n\t\t\t\t\t<div class=\"elementor-column elementor-col-100 elementor-top-column elementor-element elementor-element-98305a4\" data-id=\"98305a4\" data-element_type=\"column\">\n\t\t\t<div class=\"elementor-column-wrap elementor-element-populated\">\n\t\t\t\t\t\t\t<div class=\"elementor-widget-wrap\">\n\t\t\t\t\t\t<div class=\"elementor-element elementor-element-3c54057 elementor-widget elementor-widget-heading\" data-id=\"3c54057\" data-element_type=\"widget\" data-widget_type=\"heading.default\">\n\t\t\t\t<div class=\"elementor-widget-container\">\n\t\t\t<p class=\"elementor-heading-title elementor-size-default\">Jos\u00e9 Luis Fern\u00e1ndez Luna, coordinator of Molecular Genetics at the Marqu\u00e9s de Valdecilla University Hospital (HUMV), will lead the Genomic Medicine Program in Cantabria, one of the 3 funded in the Precision Medicine Infrastructure associated with Science and Technology (IMPaCT) of the Strategic Action in Health 2017-2020 of the ISCIII. The program is endowed with 7.24 million euros.<\/p>\t\t<\/div>\n\t\t\t\t<\/div>\n\t\t\t\t<div class=\"elementor-element elementor-element-a34003a elementor-widget elementor-widget-image\" data-id=\"a34003a\" data-element_type=\"widget\" data-widget_type=\"image.default\">\n\t\t\t\t<div class=\"elementor-widget-container\">\n\t\t\t\t\t\t\t\t<div class=\"elementor-image\">\n\t\t\t\t\t\t\t\t\t\t\t\t<img width=\"479\" height=\"455\" src=\"https:\/\/fotoglass.es\/wp-content\/uploads\/2021\/01\/jose-luis-fernandez-luna-asesor-division-biomedica-fotoglass.jpg\" class=\"attachment-full size-full\" alt=\"\" loading=\"lazy\" srcset=\"https:\/\/fotoglass.es\/wp-content\/uploads\/2021\/01\/jose-luis-fernandez-luna-asesor-division-biomedica-fotoglass.jpg 479w, https:\/\/fotoglass.es\/wp-content\/uploads\/2021\/01\/jose-luis-fernandez-luna-asesor-division-biomedica-fotoglass-300x285.jpg 300w\" sizes=\"(max-width: 479px) 100vw, 479px\" \/>\t\t\t\t\t\t\t\t\t\t\t\t\t\t<\/div>\n\t\t\t\t\t\t<\/div>\n\t\t\t\t<\/div>\n\t\t\t\t<div class=\"elementor-element elementor-element-09e5fc3 elementor-widget elementor-widget-text-editor\" data-id=\"09e5fc3\" data-element_type=\"widget\" data-widget_type=\"text-editor.default\">\n\t\t\t\t<div class=\"elementor-widget-container\">\n\t\t\t\t\t\t\t\t<div class=\"elementor-text-editor elementor-clearfix\">\n\t\t\t\t<p>In total, more than 100 institutions from all the autonomous communities will participate in the execution of the three IMPaCT programs: Predictive Medicine, Data Science and Genomic Medicine.<\/p>\t\t\t\t\t<\/div>\n\t\t\t\t\t\t<\/div>\n\t\t\t\t<\/div>\n\t\t\t\t\t\t<\/div>\n\t\t\t\t\t<\/div>\n\t\t<\/div>\n\t\t\t\t\t\t\t\t<\/div>\n\t\t\t\t\t<\/div>\n\t\t<\/section>\n\t\t\t\t<section class=\"elementor-section elementor-top-section elementor-element elementor-element-ead368a elementor-section-boxed elementor-section-height-default elementor-section-height-default\" data-id=\"ead368a\" data-element_type=\"section\">\n\t\t\t\t\t\t<div class=\"elementor-container elementor-column-gap-default\">\n\t\t\t\t\t\t\t<div class=\"elementor-row\">\n\t\t\t\t\t<div class=\"elementor-column elementor-col-100 elementor-top-column elementor-element elementor-element-7a4be39\" data-id=\"7a4be39\" data-element_type=\"column\">\n\t\t\t<div class=\"elementor-column-wrap elementor-element-populated\">\n\t\t\t\t\t\t\t<div class=\"elementor-widget-wrap\">\n\t\t\t\t\t\t<div class=\"elementor-element elementor-element-200aaf6 elementor-widget elementor-widget-spacer\" data-id=\"200aaf6\" data-element_type=\"widget\" data-widget_type=\"spacer.default\">\n\t\t\t\t<div class=\"elementor-widget-container\">\n\t\t\t\t\t<div class=\"elementor-spacer\">\n\t\t\t<div class=\"elementor-spacer-inner\"><\/div>\n\t\t<\/div>\n\t\t\t\t<\/div>\n\t\t\t\t<\/div>\n\t\t\t\t<div class=\"elementor-element elementor-element-6220b70 elementor-widget elementor-widget-text-editor\" data-id=\"6220b70\" data-element_type=\"widget\" data-widget_type=\"text-editor.default\">\n\t\t\t\t<div class=\"elementor-widget-container\">\n\t\t\t\t\t\t\t\t<div class=\"elementor-text-editor elementor-clearfix\">\n\t\t\t\tEl Consorcio Centro de Investigaci\u00f3n Biom\u00e9dica en Red (CIBER) y el Barcelona Supercomputing Center-Centro Nacional de Supercomputaci\u00f3n (BSC-CNS) son los centros seleccionados para liderar la puesta en marcha de la nueva Infraestructura de Medicina de Precisi\u00f3n asociada a la Ciencia y Tecnolog\u00eda (IMPaCT). La convocatoria asociada a esta iniciativa cuenta con 25,8 millones de euros en ayudas directas, que gestionar\u00e1n el CIBER y el BSC-CNS.\n\nEsta convocatoria, que se enmarca en la Acci\u00f3n Estrat\u00e9gica en Salud 2017-2020 del Instituto de Salud Carlos III (ISCIII), organismo dependiente del Ministerio de Ciencia e Innovaci\u00f3n, supone un nuevo paso hacia la implantaci\u00f3n de la Medicina de Precisi\u00f3n en el Sistema Nacional de Salud, a trav\u00e9s de una estrategia basada en la ciencia y la innovaci\u00f3n, que contar\u00e1 en 2020 y 2021 con 77,3 millones de euros para su desarrollo.\n\nLos programas incluidos en IMPaCT est\u00e1n alineados con tres \u00e1reas que se desarrollar\u00e1n en la futura estrategia nacional: <b>Predictive Medicine, Genomic Medicine and Data Science. The CIBER will be in charge of managing the first two, for which it will have financing of 14 million and 7.24 million, respectively, while the BSC-CNS will address the third, with the financing of 4.55 million.<\/b>\t\t\t\t\t<\/div>\n\t\t\t\t\t\t<\/div>\n\t\t\t\t<\/div>\n\t\t\t\t<div class=\"elementor-element elementor-element-856c139 elementor-widget elementor-widget-text-editor\" data-id=\"856c139\" data-element_type=\"widget\" data-widget_type=\"text-editor.default\">\n\t\t\t\t<div class=\"elementor-widget-container\">\n\t\t\t\t\t\t\t\t<div class=\"elementor-text-editor elementor-clearfix\">\n\t\t\t\t<p>Professionals from different Spanish scientific and health institutions will participate in each of the three programs, led by a person who will act as coordinator and person in charge of the action plan. The Predictive Medicine program will be coordinated by Marina Poll\u00e1n from the CIBER of Epidemiology and Public Health (CIBERESP); Genomic Medicine, by \u00c1ngel Carracedo from the CIBER for Rare Diseases (CIBERER), and Data Science, by Alfonso Valencia from the BSC-CNS.<\/p>\t\t\t\t\t<\/div>\n\t\t\t\t\t\t<\/div>\n\t\t\t\t<\/div>\n\t\t\t\t<div class=\"elementor-element elementor-element-b31281f elementor-widget elementor-widget-spacer\" data-id=\"b31281f\" data-element_type=\"widget\" data-widget_type=\"spacer.default\">\n\t\t\t\t<div class=\"elementor-widget-container\">\n\t\t\t\t\t<div class=\"elementor-spacer\">\n\t\t\t<div class=\"elementor-spacer-inner\"><\/div>\n\t\t<\/div>\n\t\t\t\t<\/div>\n\t\t\t\t<\/div>\n\t\t\t\t<section class=\"elementor-section elementor-inner-section elementor-element elementor-element-3ad0a75 elementor-hidden-tablet elementor-hidden-phone elementor-section-boxed elementor-section-height-default elementor-section-height-default\" data-id=\"3ad0a75\" data-element_type=\"section\">\n\t\t\t\t\t\t<div class=\"elementor-container elementor-column-gap-default\">\n\t\t\t\t\t\t\t<div class=\"elementor-row\">\n\t\t\t\t\t<div class=\"elementor-column elementor-col-50 elementor-inner-column elementor-element elementor-element-d3bf8f7\" data-id=\"d3bf8f7\" data-element_type=\"column\">\n\t\t\t<div class=\"elementor-column-wrap elementor-element-populated\">\n\t\t\t\t\t\t\t<div class=\"elementor-widget-wrap\">\n\t\t\t\t\t\t<div class=\"elementor-element elementor-element-bdf881c elementor-widget elementor-widget-text-editor\" data-id=\"bdf881c\" data-element_type=\"widget\" data-widget_type=\"text-editor.default\">\n\t\t\t\t<div class=\"elementor-widget-container\">\n\t\t\t\t\t\t\t\t<div class=\"elementor-text-editor elementor-clearfix\">\n\t\t\t\t<p>The Predictive Medicine program will have the participation of 21 more institutions between hospitals and research centres throughout Spain.\u00a0<\/p>\t\t\t\t\t<\/div>\n\t\t\t\t\t\t<\/div>\n\t\t\t\t<\/div>\n\t\t\t\t<div class=\"elementor-element elementor-element-fd0f436 elementor-widget elementor-widget-text-editor\" data-id=\"fd0f436\" data-element_type=\"widget\" data-widget_type=\"text-editor.default\">\n\t\t\t\t<div class=\"elementor-widget-container\">\n\t\t\t\t\t\t\t\t<div class=\"elementor-text-editor elementor-clearfix\">\n\t\t\t\t<p><strong>Genomic Medicine will have a network of five reference centres for genomic analysis and a group of clinical experts and, in total, will have the participation of 45 groups of 38 centres (25 hospitals and 13 from research centres or universities) with the representation of all the autonomous communities. <\/strong><\/p>\t\t\t\t\t<\/div>\n\t\t\t\t\t\t<\/div>\n\t\t\t\t<\/div>\n\t\t\t\t<div class=\"elementor-element elementor-element-e61ebd9 elementor-widget elementor-widget-text-editor\" data-id=\"e61ebd9\" data-element_type=\"widget\" data-widget_type=\"text-editor.default\">\n\t\t\t\t<div class=\"elementor-widget-container\">\n\t\t\t\t\t\t\t\t<div class=\"elementor-text-editor elementor-clearfix\">\n\t\t\t\t<p>Meanwhile, 47 institutions will participate in the Data Science Program, with coverage in all autonomous communities with Accredited Health Research Institutes, and companies, foundations, universities and research centres will collaborate. In total, more than 100 institutions from all communities will participate in the implementation of the three IMPaCT programs.<\/p>\t\t\t\t\t<\/div>\n\t\t\t\t\t\t<\/div>\n\t\t\t\t<\/div>\n\t\t\t\t\t\t<\/div>\n\t\t\t\t\t<\/div>\n\t\t<\/div>\n\t\t\t\t<div class=\"elementor-column elementor-col-50 elementor-inner-column elementor-element elementor-element-51e1758\" data-id=\"51e1758\" data-element_type=\"column\">\n\t\t\t<div class=\"elementor-column-wrap elementor-element-populated\">\n\t\t\t\t\t\t\t<div class=\"elementor-widget-wrap\">\n\t\t\t\t\t\t<div class=\"elementor-element elementor-element-48f17ec elementor-widget elementor-widget-image\" data-id=\"48f17ec\" data-element_type=\"widget\" data-widget_type=\"image.default\">\n\t\t\t\t<div class=\"elementor-widget-container\">\n\t\t\t\t\t\t\t\t<div class=\"elementor-image\">\n\t\t\t\t\t\t\t\t\t\t\t\t<img width=\"479\" height=\"455\" src=\"https:\/\/fotoglass.es\/wp-content\/uploads\/2021\/01\/sars-cov-2.jpg\" class=\"attachment-full size-full\" alt=\"\" loading=\"lazy\" srcset=\"https:\/\/fotoglass.es\/wp-content\/uploads\/2021\/01\/sars-cov-2.jpg 479w, https:\/\/fotoglass.es\/wp-content\/uploads\/2021\/01\/sars-cov-2-300x285.jpg 300w\" sizes=\"(max-width: 479px) 100vw, 479px\" \/>\t\t\t\t\t\t\t\t\t\t\t\t\t\t<\/div>\n\t\t\t\t\t\t<\/div>\n\t\t\t\t<\/div>\n\t\t\t\t\t\t<\/div>\n\t\t\t\t\t<\/div>\n\t\t<\/div>\n\t\t\t\t\t\t\t\t<\/div>\n\t\t\t\t\t<\/div>\n\t\t<\/section>\n\t\t\t\t<section class=\"elementor-section elementor-inner-section elementor-element elementor-element-70480c9 elementor-hidden-desktop elementor-section-boxed elementor-section-height-default elementor-section-height-default\" data-id=\"70480c9\" data-element_type=\"section\">\n\t\t\t\t\t\t<div class=\"elementor-container elementor-column-gap-default\">\n\t\t\t\t\t\t\t<div class=\"elementor-row\">\n\t\t\t\t\t<div class=\"elementor-column elementor-col-100 elementor-inner-column elementor-element elementor-element-7b69114\" data-id=\"7b69114\" data-element_type=\"column\">\n\t\t\t<div class=\"elementor-column-wrap elementor-element-populated\">\n\t\t\t\t\t\t\t<div class=\"elementor-widget-wrap\">\n\t\t\t\t\t\t<div class=\"elementor-element elementor-element-f47df76 elementor-widget elementor-widget-text-editor\" data-id=\"f47df76\" data-element_type=\"widget\" data-widget_type=\"text-editor.default\">\n\t\t\t\t<div class=\"elementor-widget-container\">\n\t\t\t\t\t\t\t\t<div class=\"elementor-text-editor elementor-clearfix\">\n\t\t\t\t<p>The Predictive Medicine program will have the participation of 21 more institutions between hospitals and research centres throughout Spain.\u00a0<\/p>\t\t\t\t\t<\/div>\n\t\t\t\t\t\t<\/div>\n\t\t\t\t<\/div>\n\t\t\t\t<div class=\"elementor-element elementor-element-c72b018 elementor-widget elementor-widget-text-editor\" data-id=\"c72b018\" data-element_type=\"widget\" data-widget_type=\"text-editor.default\">\n\t\t\t\t<div class=\"elementor-widget-container\">\n\t\t\t\t\t\t\t\t<div class=\"elementor-text-editor elementor-clearfix\">\n\t\t\t\t<p><strong>Genomic Medicine will have a network of five reference centres for genomic analysis and a group of clinical experts and, in total, will have the participation of 45 groups of 38 centres (25 hospitals and 13 from research centres or universities) with the representation of all the autonomous communities. <\/strong><\/p>\t\t\t\t\t<\/div>\n\t\t\t\t\t\t<\/div>\n\t\t\t\t<\/div>\n\t\t\t\t<div class=\"elementor-element elementor-element-e426700 elementor-widget elementor-widget-image\" data-id=\"e426700\" data-element_type=\"widget\" data-widget_type=\"image.default\">\n\t\t\t\t<div class=\"elementor-widget-container\">\n\t\t\t\t\t\t\t\t<div class=\"elementor-image\">\n\t\t\t\t\t\t\t\t\t\t\t\t<img width=\"479\" height=\"455\" src=\"https:\/\/fotoglass.es\/wp-content\/uploads\/2021\/01\/sars-cov-2.jpg\" class=\"attachment-full size-full\" alt=\"\" loading=\"lazy\" srcset=\"https:\/\/fotoglass.es\/wp-content\/uploads\/2021\/01\/sars-cov-2.jpg 479w, https:\/\/fotoglass.es\/wp-content\/uploads\/2021\/01\/sars-cov-2-300x285.jpg 300w\" sizes=\"(max-width: 479px) 100vw, 479px\" \/>\t\t\t\t\t\t\t\t\t\t\t\t\t\t<\/div>\n\t\t\t\t\t\t<\/div>\n\t\t\t\t<\/div>\n\t\t\t\t<div class=\"elementor-element elementor-element-aa435b1 elementor-widget elementor-widget-text-editor\" data-id=\"aa435b1\" data-element_type=\"widget\" data-widget_type=\"text-editor.default\">\n\t\t\t\t<div class=\"elementor-widget-container\">\n\t\t\t\t\t\t\t\t<div class=\"elementor-text-editor elementor-clearfix\">\n\t\t\t\t<p>Meanwhile, 47 institutions will participate in the Data Science Program, with coverage in all autonomous communities with Accredited Health Research Institutes, and companies, foundations, universities and research centres will collaborate. In total, more than 100 institutions from all communities will participate in the implementation of the three IMPaCT programs.<\/p>\t\t\t\t\t<\/div>\n\t\t\t\t\t\t<\/div>\n\t\t\t\t<\/div>\n\t\t\t\t\t\t<\/div>\n\t\t\t\t\t<\/div>\n\t\t<\/div>\n\t\t\t\t\t\t\t\t<\/div>\n\t\t\t\t\t<\/div>\n\t\t<\/section>\n\t\t\t\t\t\t<\/div>\n\t\t\t\t\t<\/div>\n\t\t<\/div>\n\t\t\t\t\t\t\t\t<\/div>\n\t\t\t\t\t<\/div>\n\t\t<\/section>\n\t\t\t\t<section class=\"elementor-section elementor-top-section elementor-element elementor-element-386618a elementor-section-boxed elementor-section-height-default elementor-section-height-default\" data-id=\"386618a\" data-element_type=\"section\">\n\t\t\t\t\t\t<div class=\"elementor-container elementor-column-gap-default\">\n\t\t\t\t\t\t\t<div class=\"elementor-row\">\n\t\t\t\t\t<div class=\"elementor-column elementor-col-100 elementor-top-column elementor-element elementor-element-6512d49\" data-id=\"6512d49\" data-element_type=\"column\">\n\t\t\t<div class=\"elementor-column-wrap elementor-element-populated\">\n\t\t\t\t\t\t\t<div class=\"elementor-widget-wrap\">\n\t\t\t\t\t\t<div class=\"elementor-element elementor-element-263636b elementor-widget elementor-widget-spacer\" data-id=\"263636b\" data-element_type=\"widget\" data-widget_type=\"spacer.default\">\n\t\t\t\t<div class=\"elementor-widget-container\">\n\t\t\t\t\t<div class=\"elementor-spacer\">\n\t\t\t<div class=\"elementor-spacer-inner\"><\/div>\n\t\t<\/div>\n\t\t\t\t<\/div>\n\t\t\t\t<\/div>\n\t\t\t\t<div class=\"elementor-element elementor-element-2d2e548 elementor-widget elementor-widget-text-editor\" data-id=\"2d2e548\" data-element_type=\"widget\" data-widget_type=\"text-editor.default\">\n\t\t\t\t<div class=\"elementor-widget-container\">\n\t\t\t\t\t\t\t\t<div class=\"elementor-text-editor elementor-clearfix\">\n\t\t\t\t<h4>Objectives of each Program<\/h4><p>The first IMPaCT program, Predictive Medicine, is aimed at the design and implementation of a population cohort with clinical, epidemiological and biological data that allows representing the entire population residing in Spain. The objective is to generate a dynamic record of individual and population, clinical, epidemiological and lifestyle data, which, through its monitoring and updating over time, is the basis for better decision-making in health; It will make it possible to build predictive models of disease, identify health inequalities, monitor key indicators and evaluate the impact of health policies.<\/p><p>\u201cThe IMPaCT cohort will include, in its final development, 200,000 people representing the entire population residing in Spain. In addition, due to its large size and wide geographic coverage, it will make it possible to represent the ethnic variability and the geographic and environmental diversity of the entire country\u201d, explains Marina Poll\u00e1n.<\/p>\t\t\t\t\t<\/div>\n\t\t\t\t\t\t<\/div>\n\t\t\t\t<\/div>\n\t\t\t\t<div class=\"elementor-element elementor-element-3364fc5 elementor-widget elementor-widget-text-editor\" data-id=\"3364fc5\" data-element_type=\"widget\" data-widget_type=\"text-editor.default\">\n\t\t\t\t<div class=\"elementor-widget-container\">\n\t\t\t\t\t\t\t\t<div class=\"elementor-text-editor elementor-clearfix\">\n\t\t\t\t<p><b>For its part, the Genomic Medicine Program will develop coordination infrastructures and protocols to carry out genomic analyses and other 'omic' data throughout the national territory, taking as support next-generation sequencing technologies and existing experiences for their application to the diagnosis of human diseases. In essence, what this program seeks to do is to put experimental \u2018omic\u2019 diagnostic technologies at the service of all those people who, after making the maximum diagnostic effort with the maximum care technology, do not have a certain diagnosis. Thus, it is a basic step to put high-level science at the service of people and the National Health System.<\/b><\/p><p>\u201cThis initiative is of key importance for the SNS as genomic medicine represents a revolution in healthcare. It allows making diagnoses, identifying the best treatments, and designing prevention strategies\u201d, says \u00c1ngel Carracedo.<\/p><p>Finally, the third program, Data Science, seeks to support the development of a common, interoperable and integrated system for the collection and analysis of clinical and molecular data, providing for this the knowledge and resources available in the Spanish Science and Technology System. This development will allow answering research questions based on the different clinical and molecular information systems available. Fundamentally, this Program seeks to provide researchers with a population perspective based on individual data.<\/p><p>\u201cWith the data science program, we want to start the construction of the infrastructure and systems to be able to integrate genomic and medical data so far dispersed, providing technical solutions to the numerous problems of heterogeneity, dispersion and access; it is an infrastructure that must be aligned with European initiatives and lay the foundations for the development of research projects in precision medicine\u201d, Alfonso Valencia points out.<\/p>\t\t\t\t\t<\/div>\n\t\t\t\t\t\t<\/div>\n\t\t\t\t<\/div>\n\t\t\t\t<div class=\"elementor-element elementor-element-de5a7ca elementor-widget elementor-widget-spacer\" data-id=\"de5a7ca\" data-element_type=\"widget\" data-widget_type=\"spacer.default\">\n\t\t\t\t<div class=\"elementor-widget-container\">\n\t\t\t\t\t<div class=\"elementor-spacer\">\n\t\t\t<div class=\"elementor-spacer-inner\"><\/div>\n\t\t<\/div>\n\t\t\t\t<\/div>\n\t\t\t\t<\/div>\n\t\t\t\t<div class=\"elementor-element elementor-element-7cf3d0f elementor-widget elementor-widget-text-editor\" data-id=\"7cf3d0f\" data-element_type=\"widget\" data-widget_type=\"text-editor.default\">\n\t\t\t\t<div class=\"elementor-widget-container\">\n\t\t\t\t\t\t\t\t<div class=\"elementor-text-editor elementor-clearfix\">\n\t\t\t\t<h4>Precision medicine, closer<\/h4><p>There is an important interconnection between the three programs. From a scientific perspective, the aim is to address the virtuous circle that is generated by analysing population data generated from individuals revert to individual health, which is one of the conceptual bases of Precision Medicine.<\/p>\t\t\t\t\t<\/div>\n\t\t\t\t\t\t<\/div>\n\t\t\t\t<\/div>\n\t\t\t\t<div class=\"elementor-element elementor-element-f8337be elementor-widget elementor-widget-text-editor\" data-id=\"f8337be\" data-element_type=\"widget\" data-widget_type=\"text-editor.default\">\n\t\t\t\t<div class=\"elementor-widget-container\">\n\t\t\t\t\t\t\t\t<div class=\"elementor-text-editor elementor-clearfix\">\n\t\t\t\tThus, the IMPaCT resolution allows progress in the development of the Spanish Strategy for Personalized Medicine, as indicated in the Shock Plan for Science and Innovation approved by the Government on July 14. This national strategy will consist of specific plans on data science and health; genomic medicine; advanced and personalized therapies; predictive medicine; training in precision medicine, and Spain's relationship with the European sphere in personalized medicine.\t\t\t\t\t<\/div>\n\t\t\t\t\t\t<\/div>\n\t\t\t\t<\/div>\n\t\t\t\t<div class=\"elementor-element elementor-element-15ad736 elementor-widget elementor-widget-spacer\" data-id=\"15ad736\" data-element_type=\"widget\" data-widget_type=\"spacer.default\">\n\t\t\t\t<div class=\"elementor-widget-container\">\n\t\t\t\t\t<div class=\"elementor-spacer\">\n\t\t\t<div class=\"elementor-spacer-inner\"><\/div>\n\t\t<\/div>\n\t\t\t\t<\/div>\n\t\t\t\t<\/div>\n\t\t\t\t\t\t<\/div>\n\t\t\t\t\t<\/div>\n\t\t<\/div>\n\t\t\t\t\t\t\t\t<\/div>\n\t\t\t\t\t<\/div>\n\t\t<\/section>\n\t\t\t\t<section class=\"elementor-section elementor-top-section elementor-element elementor-element-04c35cb elementor-section-boxed elementor-section-height-default elementor-section-height-default\" data-id=\"04c35cb\" data-element_type=\"section\">\n\t\t\t\t\t\t<div class=\"elementor-container elementor-column-gap-default\">\n\t\t\t\t\t\t\t<div class=\"elementor-row\">\n\t\t\t\t\t<div class=\"elementor-column elementor-col-100 elementor-top-column elementor-element elementor-element-f0d411e\" data-id=\"f0d411e\" data-element_type=\"column\">\n\t\t\t<div class=\"elementor-column-wrap elementor-element-populated\">\n\t\t\t\t\t\t\t<div class=\"elementor-widget-wrap\">\n\t\t\t\t\t\t<div class=\"elementor-element elementor-element-fdf74b0 elementor-widget elementor-widget-text-editor\" data-id=\"fdf74b0\" data-element_type=\"widget\" data-widget_type=\"text-editor.default\">\n\t\t\t\t<div class=\"elementor-widget-container\">\n\t\t\t\t\t\t\t\t<div class=\"elementor-text-editor elementor-clearfix\">\n\t\t\t\t<p><span style=\"color: #333333;\">Source: <a href=\"https:\/\/www.lamoncloa.gob.es\/serviciosdeprensa\/notasprensa\/ciencia-e-innovacion\/Paginas\/2020\/181220-infraestructura.aspx\" target=\"_blank\" rel=\"noopener\">https:\/\/www.lamoncloa.gob.es\/serviciosdeprensa\/notasprensa\/ciencia-e-innovacion\/Paginas\/2020\/181220-infraestructura.aspx<\/a><br \/><\/span><\/p>\t\t\t\t\t<\/div>\n\t\t\t\t\t\t<\/div>\n\t\t\t\t<\/div>\n\t\t\t\t<div class=\"elementor-element elementor-element-50e6777 elementor-widget elementor-widget-spacer\" data-id=\"50e6777\" data-element_type=\"widget\" data-widget_type=\"spacer.default\">\n\t\t\t\t<div class=\"elementor-widget-container\">\n\t\t\t\t\t<div class=\"elementor-spacer\">\n\t\t\t<div class=\"elementor-spacer-inner\"><\/div>\n\t\t<\/div>\n\t\t\t\t<\/div>\n\t\t\t\t<\/div>\n\t\t\t\t<div class=\"elementor-element elementor-element-8e8f489 elementor-widget elementor-widget-spacer\" data-id=\"8e8f489\" data-element_type=\"widget\" data-widget_type=\"spacer.default\">\n\t\t\t\t<div class=\"elementor-widget-container\">\n\t\t\t\t\t<div class=\"elementor-spacer\">\n\t\t\t<div class=\"elementor-spacer-inner\"><\/div>\n\t\t<\/div>\n\t\t\t\t<\/div>\n\t\t\t\t<\/div>\n\t\t\t\t\t\t<\/div>\n\t\t\t\t\t<\/div>\n\t\t<\/div>\n\t\t\t\t\t\t\t\t<\/div>\n\t\t\t\t\t<\/div>\n\t\t<\/section>\n\t\t\t\t\t\t<\/div>\n\t\t\t\t\t\t<\/div>\n\t\t\t\t\t<\/div>","protected":false},"excerpt":{"rendered":"<p>Jos\u00e9 Luis Fern\u00e1ndez Luna, coordinator of Molecular Genetics at the Marqu\u00e9s de Valdecilla University Hospital (HUMV), will lead the Genomic Medicine Program in Cantabria<\/p>","protected":false},"author":1,"featured_media":5835,"comment_status":"closed","ping_status":"closed","sticky":false,"template":"","format":"standard","meta":[],"categories":[1],"tags":[],"_links":{"self":[{"href":"https:\/\/fotoglass.es\/en\/wp-json\/wp\/v2\/posts\/5829"}],"collection":[{"href":"https:\/\/fotoglass.es\/en\/wp-json\/wp\/v2\/posts"}],"about":[{"href":"https:\/\/fotoglass.es\/en\/wp-json\/wp\/v2\/types\/post"}],"author":[{"embeddable":true,"href":"https:\/\/fotoglass.es\/en\/wp-json\/wp\/v2\/users\/1"}],"replies":[{"embeddable":true,"href":"https:\/\/fotoglass.es\/en\/wp-json\/wp\/v2\/comments?post=5829"}],"version-history":[{"count":1,"href":"https:\/\/fotoglass.es\/en\/wp-json\/wp\/v2\/posts\/5829\/revisions"}],"predecessor-version":[{"id":8181,"href":"https:\/\/fotoglass.es\/en\/wp-json\/wp\/v2\/posts\/5829\/revisions\/8181"}],"wp:featuredmedia":[{"embeddable":true,"href":"https:\/\/fotoglass.es\/en\/wp-json\/wp\/v2\/media\/5835"}],"wp:attachment":[{"href":"https:\/\/fotoglass.es\/en\/wp-json\/wp\/v2\/media?parent=5829"}],"wp:term":[{"taxonomy":"category","embeddable":true,"href":"https:\/\/fotoglass.es\/en\/wp-json\/wp\/v2\/categories?post=5829"},{"taxonomy":"post_tag","embeddable":true,"href":"https:\/\/fotoglass.es\/en\/wp-json\/wp\/v2\/tags?post=5829"}],"curies":[{"name":"wp","href":"https:\/\/api.w.org\/{rel}","templated":true}]}}